{"id":118,"date":"2022-09-22T02:25:00","date_gmt":"2022-09-22T02:25:00","guid":{"rendered":"https:\/\/uncme.org.br\/pa\/?p=118"},"modified":"2022-09-27T02:59:54","modified_gmt":"2022-09-27T02:59:54","slug":"uncme-recebe-mencao-honrosa","status":"publish","type":"post","link":"https:\/\/uncme.org.br\/pa\/2022\/09\/22\/uncme-recebe-mencao-honrosa\/","title":{"rendered":"UNCME RECEBE MEN\u00c7\u00c3O HONROSA"},"content":{"rendered":"\n<p>Na manh\u00e3 de hoje (22), ocorreu Sess\u00e3o Solene na C\u00e2mara Municipal de Bragan\u00e7a-PA em homenagem aos 30 anos de funda\u00e7\u00e3o da Uncme Nacional. A institui\u00e7\u00e3o foi condecorada com Men\u00e7\u00e3o Honrosa.<\/p>\n\n\n\n<p>A Sess\u00e3o foi presidida pelo Vereador Fernando Ant\u00f4nio Santana Reis &#8211; Fernando Julifer (PSB), e contou com a presen\u00e7a de Vereadores, Coordenadora Estadual da Uncme Par\u00e1, Profa. Nazar\u00e9 Reis, Secret\u00e1ria Executiva, Profa. Clara Yunes, Secret\u00e1rio de Educa\u00e7\u00e3o de Bragan\u00e7a Alexy Brito de Sales, bem como presidentes e equipe dos Conselhos Municipais de Educa\u00e7\u00e3o de Ananindeua (Presidente Francisco&nbsp;Willians), Bel\u00e9m (Presidente Alberto Damasceno), Bragan\u00e7a (Presidente Sebasti\u00e3o J\u00e2nio dos Santos), Castanhal (Presidente Maria Eliz\u00e2ngela Lima), Capanema (Presidente Jossiane Silva), Our\u00e9m (Presidente Jos\u00e9 J\u00falio Oliveira) e Salin\u00f3polis (Presidente Helen Reis).<\/p>\n\n\n\n<p>Ap\u00f3s a Sess\u00e3o, a Uncme Par\u00e1 realizou coffee break para convidados no Conselho Municipal de Educa\u00e7\u00e3o de Bragan\u00e7a.<\/p>\n\n\n\n<p>Confira as imagens abaixo!&nbsp;<\/p>\n\n\n\n<div class=\"wp-block-dgwt-justified-gallery\"><div id='gallery-1' class='gallery galleryid-118 gallery-columns-3 gallery-size-colormag-featured-image'><figure class='gallery-item'>\n\t\t\t<div class='gallery-icon portrait'>\n\t\t\t\t<a href='https:\/\/uncme.org.br\/pa\/2022\/09\/22\/uncme-recebe-mencao-honrosa\/whatsapp-image-2022-09-22-at-15-18-06\/'><img fetchpriority=\"high\" decoding=\"async\" width=\"720\" height=\"445\" src=\"https:\/\/uncme.org.br\/pa\/wp-content\/uploads\/2022\/09\/WhatsApp-Image-2022-09-22-at-15.18.06-720x445.jpeg\" class=\"attachment-colormag-featured-image size-colormag-featured-image\" alt=\"\" \/><\/a>\n\t\t\t<\/div><\/figure><figure class='gallery-item'>\n\t\t\t<div class='gallery-icon portrait'>\n\t\t\t\t<a href='https:\/\/uncme.org.br\/pa\/2022\/09\/22\/uncme-recebe-mencao-honrosa\/whatsapp-image-2022-09-22-at-15-18-06-2\/'><img decoding=\"async\" width=\"720\" height=\"445\" src=\"https:\/\/uncme.org.br\/pa\/wp-content\/uploads\/2022\/09\/WhatsApp-Image-2022-09-22-at-15.18.06-2-720x445.jpeg\" class=\"attachment-colormag-featured-image size-colormag-featured-image\" alt=\"\" \/><\/a>\n\t\t\t<\/div><\/figure><figure class='gallery-item'>\n\t\t\t<div class='gallery-icon portrait'>\n\t\t\t\t<a href='https:\/\/uncme.org.br\/pa\/2022\/09\/22\/uncme-recebe-mencao-honrosa\/whatsapp-image-2022-09-22-at-15-18-06-1\/'><img decoding=\"async\" width=\"720\" height=\"445\" src=\"https:\/\/uncme.org.br\/pa\/wp-content\/uploads\/2022\/09\/WhatsApp-Image-2022-09-22-at-15.18.06-1-720x445.jpeg\" class=\"attachment-colormag-featured-image size-colormag-featured-image\" alt=\"\" \/><\/a>\n\t\t\t<\/div><\/figure><figure class='gallery-item'>\n\t\t\t<div class='gallery-icon portrait'>\n\t\t\t\t<a href='https:\/\/uncme.org.br\/pa\/2022\/09\/22\/uncme-recebe-mencao-honrosa\/whatsapp-image-2022-09-22-at-15-18-05\/'><img loading=\"lazy\" decoding=\"async\" width=\"720\" height=\"445\" src=\"https:\/\/uncme.org.br\/pa\/wp-content\/uploads\/2022\/09\/WhatsApp-Image-2022-09-22-at-15.18.05-720x445.jpeg\" class=\"attachment-colormag-featured-image size-colormag-featured-image\" alt=\"\" \/><\/a>\n\t\t\t<\/div><\/figure>\n\t\t<\/div>\n<\/div>\n\n\n\n<p><strong>Nos siga no Instagram:&nbsp;<a>@uncmepara<\/a><\/strong><a href=\"https:\/\/www.instagram.com\/uncmepara\/\">https:\/\/www.instagram.com\/uncmepara\/<\/a><\/p>\n","protected":false},"excerpt":{"rendered":"<p>Na manh\u00e3 de hoje (22), ocorreu Sess\u00e3o Solene na C\u00e2mara Municipal de Bragan\u00e7a-PA em homenagem aos 30 anos de funda\u00e7\u00e3o<\/p>\n","protected":false},"author":1,"featured_media":120,"comment_status":"open","ping_status":"open","sticky":false,"template":"","format":"standard","meta":{"pagelayer_contact_templates":[],"_pagelayer_content":"","footnotes":"","_wpscppro_dont_share_socialmedia":false,"_wpscppro_custom_social_share_image":0,"_facebook_share_type":"","_twitter_share_type":"","_linkedin_share_type":"","_pinterest_share_type":"","_linkedin_share_type_page":"","_instagram_share_type":"","_medium_share_type":"","_threads_share_type":"","_google_business_share_type":"","_selected_social_profile":[],"_wpsp_enable_custom_social_template":false,"_wpsp_social_scheduling":{"enabled":false,"datetime":null,"platforms":[],"status":"template_only","dateOption":"today","timeOption":"now","customDays":"","customHours":"","customDate":"","customTime":"","schedulingType":"absolute"},"_wpsp_active_default_template":true},"categories":[15],"tags":[],"class_list":["post-118","post","type-post","status-publish","format-standard","has-post-thumbnail","hentry","category-noticias"],"_links":{"self":[{"href":"https:\/\/uncme.org.br\/pa\/wp-json\/wp\/v2\/posts\/118","targetHints":{"allow":["GET"]}}],"collection":[{"href":"https:\/\/uncme.org.br\/pa\/wp-json\/wp\/v2\/posts"}],"about":[{"href":"https:\/\/uncme.org.br\/pa\/wp-json\/wp\/v2\/types\/post"}],"author":[{"embeddable":true,"href":"https:\/\/uncme.org.br\/pa\/wp-json\/wp\/v2\/users\/1"}],"replies":[{"embeddable":true,"href":"https:\/\/uncme.org.br\/pa\/wp-json\/wp\/v2\/comments?post=118"}],"version-history":[{"count":3,"href":"https:\/\/uncme.org.br\/pa\/wp-json\/wp\/v2\/posts\/118\/revisions"}],"predecessor-version":[{"id":128,"href":"https:\/\/uncme.org.br\/pa\/wp-json\/wp\/v2\/posts\/118\/revisions\/128"}],"wp:featuredmedia":[{"embeddable":true,"href":"https:\/\/uncme.org.br\/pa\/wp-json\/wp\/v2\/media\/120"}],"wp:attachment":[{"href":"https:\/\/uncme.org.br\/pa\/wp-json\/wp\/v2\/media?parent=118"}],"wp:term":[{"taxonomy":"category","embeddable":true,"href":"https:\/\/uncme.org.br\/pa\/wp-json\/wp\/v2\/categories?post=118"},{"taxonomy":"post_tag","embeddable":true,"href":"https:\/\/uncme.org.br\/pa\/wp-json\/wp\/v2\/tags?post=118"}],"curies":[{"name":"wp","href":"https:\/\/api.w.org\/{rel}","templated":true}]}}